{"id":910431,"date":"2026-07-27T09:00:00","date_gmt":"2026-07-27T09:00:00","guid":{"rendered":"https:\/\/locutoronline.net\/catala-locutor\/?p=910431"},"modified":"2026-08-10T14:07:57","modified_gmt":"2026-08-10T14:07:57","slug":"gracies-i-desgracies-dun-locutor-catala","status":"publish","type":"post","link":"https:\/\/locutoronline.net\/catala-locutor\/gracies-i-desgracies-dun-locutor-catala\/","title":{"rendered":"Gr\u00e0cies i desgr\u00e0cies d&#8217;un locutor catal\u00e0: comen\u00e7a el blog"},"content":{"rendered":"<!--themify_builder_content-->\n<div id=\"themify_builder_content-910431\" data-postid=\"910431\" class=\"themify_builder_content themify_builder_content-910431 themify_builder tf_clear\">\n                    <div  data-lazy=\"1\" class=\"module_row themify_builder_row tb_0q3p613 tb_first tf_w\">\n                        <div class=\"row_inner col_align_top tb_col_count_1 tf_box tf_rel\">\n                        <div  data-lazy=\"1\" class=\"module_column tb-column col-full tb_myk5613 first\">\n                    <!-- module text -->\n<div  class=\"module module-text tb_x8ux190   \" data-lazy=\"1\">\n        <div  class=\"tb_text_wrap\">\n        <p>Fa vint anys que parlo sol en una habitaci\u00f3 encoixinada. I encara que de vegades gaireb\u00e9 no m&#8217;ho puc creure&#8230; doncs em paguen per fer-ho! Per\u00f2 no t&#8217;emocionis gaire, que aqu\u00ed no es regala res. Tot el que surt del meu estudi va passant per caixa.<\/p><p>A l&#8217;habitaci\u00f3 se&#8217;n diu estudi de gravaci\u00f3, al que hi faig a dins se&#8217;n diu locuci\u00f3, i a aquest blog li he posat \u00abGr\u00e0cies i desgr\u00e0cies d&#8217;un locutor catal\u00e0\u00bb perqu\u00e8 aquest ofici \u00e9s exactament aix\u00f2: una barreja de moments gloriosos i de cat\u00e0strofes que nom\u00e9s fan gr\u00e0cia quan ja han passat. B\u00e9, i perqu\u00e8 soc fan de Francisco de Quevedo i volia retre el meu humil homenatge a les seves \u00abGracias y desgracias del&#8230;\u00bb<\/p><p>B\u00e9, i tornant al tema. Et preguntar\u00e0s: qu\u00e8 se sent en escoltar la teva pr\u00f2pia veu sortint de la tele mentre rentes els plats? Per qu\u00e8 un locutor pot repetir la mateixa frase quaranta vegades i que la presa bona sigui la segona? Qu\u00e8 li passa pel cap a alg\u00fa que diu \u00abrestaurant xin\u00e8s Gran Muralla, qualitat i tradici\u00f3\u00bb amb la mateixa solemnitat que si anunci\u00e9s un perfum de Dior? Doncs precisament de tot aix\u00f2 va aquest blog.<\/p>    <\/div>\n<\/div>\n<!-- \/module text -->        <\/div>\n                        <\/div>\n        <\/div>\n                        <div  data-lazy=\"1\" class=\"module_row themify_builder_row tb_pdgb44 tf_w\">\n                        <div class=\"row_inner col_align_middle gutter-narrow tb_col_count_2 tf_box tf_rel\">\n                        <div  data-lazy=\"1\" class=\"module_column tb-column col4-2 tb_vwqb44 first\">\n                    <!-- module text -->\n<div  class=\"module module-text tb_y6ss44    wow\" data-tf-animation=\"slideInLeft\" data-lazy=\"1\">\n        <div  class=\"tb_text_wrap\">\n        <h2>Les gr\u00e0cies<\/h2><p>Les gr\u00e0cies d&#8217;aquest ofici s\u00f3n moltes i no totes es poden explicar en horari infantil. Hi ha la gr\u00e0cia que la teva veu viatgi a llocs on tu no has estat mai: un altaveu de supermercat a Can\u00e0ries, un museu a Gal\u00edcia, els auriculars d&#8217;alg\u00fa que escolta un audiollibre a les dues de la matinada. Hi ha la gr\u00e0cia dels enc\u00e0rrecs impossibles que acaben sortint, dels clients que es converteixen gaireb\u00e9 en fam\u00edlia, i la gr\u00e0cia suprema: llevar-te un dilluns amb ganes d&#8217;anar a treballar. Despr\u00e9s de vint anys fent el mateix&#8230; o no. Perqu\u00e8 justament rutina no \u00e9s una paraula que entri dins del vocabulari d&#8217;un locutor. Cada dia \u00e9s una aventura diferent. I aix\u00f2 no ho compra ni Amancio Ortega.<\/p><p>Aqu\u00ed tamb\u00e9 hi entren les gr\u00e0cies que et vull fer a tu, que potser algun dia encarregar\u00e0s una locuci\u00f3: consells dels que estalvien diners, temps i disgustos. Com enviar un gui\u00f3, qu\u00e8 demanar-li a una veu, per qu\u00e8 el teu n\u00famero de tel\u00e8fon no cap en una falca de vint segons. Coses que ning\u00fa no t&#8217;explica fins que ja has pagat la novatada.<\/p><h2>Les desgr\u00e0cies<\/h2><p>I despr\u00e9s hi ha les desgr\u00e0cies, que s\u00f3n la sal d&#8217;aquest blog. Sessions que van comen\u00e7ar tortes i van acabar pitjor. Guions amb trampes amagades com mines antipersona. Modes publicit\u00e0ries que arrasen amb tot el seny per davant. I la desgr\u00e0cia de moda: m\u00e0quines que asseguren parlar com jo per\u00f2 que encara no saben la cosa m\u00e9s important que faig quan treballo. I no \u00e9s amb la meva veu. \u00c9s posar cor i seny a tot el que faig i a tot el que dic. B\u00e9&#8230; i respirar. Que les IA tampoc no van gaire sobrades d&#8217;agafar aire.<\/p><p>De les desgr\u00e0cies se n&#8217;apr\u00e8n m\u00e9s que de les gr\u00e0cies, i per aix\u00f2 penso explicar-les sense anest\u00e8sia. Les meves, \u00e9s clar. Les dels meus clients queden protegides pel secret professional i per la pietat.<\/p>    <\/div>\n<\/div>\n<!-- \/module text -->        <\/div>\n                    <div  data-lazy=\"1\" class=\"module_column tb-column col4-2 tb_ipsd44 last\">\n                    <!-- module image -->\n<div  class=\"module module-image tb_nkco44 image-top drop-shadow bordered circle  auto_fullwidth tf_mw wow\" data-tf-animation=\"slideInRight\" data-lazy=\"1\">\n        <div class=\"image-wrap tf_rel tf_mw\">\n            <img loading=\"lazy\" decoding=\"async\" width=\"1140\" height=\"1140\" src=\"https:\/\/locutoronline.net\/catala-locutor\/wp-content\/uploads\/2026\/08\/01-gracias-y-desgracias-de-un-locutor-espanol-1.webp\" class=\"wp-post-image wp-image-910430\" title=\"01-gracias-y-desgracias-de-un-locutor-espanol\" alt=\"David Morales, locutor catal\u00e0, escanyat pel cable dels seus auriculars\" srcset=\"https:\/\/locutoronline.net\/catala-locutor\/wp-content\/uploads\/2026\/08\/01-gracias-y-desgracias-de-un-locutor-espanol-1.webp 1140w, https:\/\/locutoronline.net\/catala-locutor\/wp-content\/uploads\/2026\/08\/01-gracias-y-desgracias-de-un-locutor-espanol-1-300x300.webp 300w, https:\/\/locutoronline.net\/catala-locutor\/wp-content\/uploads\/2026\/08\/01-gracias-y-desgracias-de-un-locutor-espanol-1-1024x1024.webp 1024w, https:\/\/locutoronline.net\/catala-locutor\/wp-content\/uploads\/2026\/08\/01-gracias-y-desgracias-de-un-locutor-espanol-1-150x150.webp 150w, https:\/\/locutoronline.net\/catala-locutor\/wp-content\/uploads\/2026\/08\/01-gracias-y-desgracias-de-un-locutor-espanol-1-768x768.webp 768w\" sizes=\"auto, (max-width: 1140px) 100vw, 1140px\" \/>    \n        <\/div>\n    <!-- \/image-wrap -->\n    \n        <\/div>\n<!-- \/module image -->        <\/div>\n                        <\/div>\n        <\/div>\n                        <div  data-lazy=\"1\" class=\"module_row themify_builder_row tb_i9vb929 tf_w\">\n                        <div class=\"row_inner col_align_top tb_col_count_1 tf_box tf_rel\">\n                        <div  data-lazy=\"1\" class=\"module_column tb-column col-full tb_6lls929 first\">\n                    <!-- module text -->\n<div  class=\"module module-text tb_d5c8334   \" data-lazy=\"1\">\n        <div  class=\"tb_text_wrap\">\n        <h2>Qu\u00e8 hi trobar\u00e0s aqu\u00ed cada quinze dies?<\/h2><p>Un article nou cada dos dilluns, en tres idiomes (catal\u00e0, castell\u00e0 i angl\u00e8s, que un \u00e9s de Barcelona i li agrada complicar-se), i sempre d&#8217;algun d&#8217;aquests pals: consells per a qui contracta una veu, secrets dels guions publicitaris, rebotiga de l&#8217;ofici, l&#8217;eterna baralla entre la veu humana i l&#8217;artificial, i hist\u00f2ries d&#8217;estudi que semblen inventades, per\u00f2 que s\u00f3n m\u00e9s reals que la clatellada que em clava la Seguretat Social cada final de mes.<\/p><p>Si vols saber qui \u00e9s el que et parla, a <a href=\"https:\/\/locutoronline.net\/catala-locutor\/actor-de-doblatge\/\">la p\u00e0gina sobre mi<\/a> hi ha la biografia oficial, amb premis i tot. L&#8217;extraoficial l&#8217;anir\u00e0s descobrint aqu\u00ed, article a article. I si el que necessites \u00e9s una veu per al teu projecte i les presentacions t&#8217;importen poc, <a href=\"https:\/\/locutoronline.net\/catala-locutor\/contractar-locutor\/\">ves directe a contactar<\/a>: pressupost en 24 hores i zero embuts.<\/p><p>Posa&#8217;t c\u00f2mode, apuja el volum i passa. El llum vermell ja est\u00e0 enc\u00e8s.<\/p>    <\/div>\n<\/div>\n<!-- \/module text -->        <\/div>\n                        <\/div>\n        <\/div>\n                        <div  data-lazy=\"1\" class=\"module_row themify_builder_row tb_55oq89 tf_w\">\n            <span  class=\"builder_row_cover tf_abs\" data-lazy=\"1\"><\/span>            <div class=\"row_inner col_align_top tb_col_count_1 tf_box tf_rel\">\n                        <div  data-lazy=\"1\" class=\"module_column tb-column col-full tb_b59i89 first\">\n                    <!-- module text -->\n<div  class=\"module module-text tb_kdjj89    wow\" data-tf-animation=\"wobble\" data-lazy=\"1\">\n        <div  class=\"tb_text_wrap\">\n        <h2>David Morales: el teu locutor catal\u00e0<\/h2>    <\/div>\n<\/div>\n<!-- \/module text --><!-- module buttons -->\n<div  class=\"module module-buttons tb_p9rm89 buttons-horizontal outline   squared\" data-lazy=\"1\">\n        <div class=\"module-buttons-item tf_in_flx\">\n                        <a href=\"https:\/\/locutoronline.net\/catala-locutor\/contractar-locutor\/\" class=\"ui builder_button tf_in_flx tb_default_color\" >\n                                                Contacta amb mi                                        <\/a>\n                <\/div>\n            <\/div>\n<!-- \/module buttons -->\n        <\/div>\n                        <\/div>\n        <\/div>\n        <\/div>\n<!--\/themify_builder_content-->","protected":false},"excerpt":{"rendered":"<p>Fa vint anys que parlo sol en una habitaci\u00f3 encoixinada. I encara que de vegades gaireb\u00e9 no m&#8217;ho puc creure&#8230; doncs em paguen per fer-ho! Per\u00f2 no t&#8217;emocionis gaire, que aqu\u00ed no es regala res. Tot el que surt del meu estudi va passant per caixa.A l&#8217;habitaci\u00f3 se&#8217;n diu estudi de gravaci\u00f3, al que hi [&hellip;]<\/p>\n","protected":false},"author":1,"featured_media":910430,"comment_status":"closed","ping_status":"closed","sticky":false,"template":"","format":"standard","meta":{"footnotes":""},"categories":[43],"tags":[48,46,47],"class_list":["post-910431","post","type-post","status-publish","format-standard","has-post-thumbnail","hentry","category-histories-de-lestudi","tag-benvinguda","tag-blog","tag-locutor-catala","has-post-title","has-post-date","has-post-category","has-post-tag","has-post-comment","has-post-author",""],"yoast_head":"<!-- This site is optimized with the Yoast SEO plugin v28.1 - https:\/\/yoast.com\/product\/yoast-seo-wordpress\/ -->\n<title>Gr\u00e0cies i desgr\u00e0cies d&#039;un locutor catal\u00e0: el blog<\/title>\n<meta name=\"description\" content=\"Vint anys parlant sol en una habitaci\u00f3 encoixinada donen per a molt: trucs per a clients, hist\u00f2ries d&#039;estudi i alguna cat\u00e0strofe. Comen\u00e7a el blog.\" \/>\n<meta name=\"robots\" content=\"index, follow, max-snippet:-1, max-image-preview:large, max-video-preview:-1\" \/>\n<link rel=\"canonical\" href=\"https:\/\/locutoronline.net\/catala-locutor\/gracies-i-desgracies-dun-locutor-catala\/\" \/>\n<meta property=\"og:locale\" content=\"ca_ES\" \/>\n<meta property=\"og:type\" content=\"article\" \/>\n<meta property=\"og:title\" content=\"Gr\u00e0cies i desgr\u00e0cies d&#039;un locutor catal\u00e0: el blog\" \/>\n<meta property=\"og:description\" content=\"Vint anys parlant sol en una habitaci\u00f3 encoixinada donen per a molt: trucs per a clients, hist\u00f2ries d&#039;estudi i alguna cat\u00e0strofe. Comen\u00e7a el blog.\" \/>\n<meta property=\"og:url\" content=\"https:\/\/locutoronline.net\/catala-locutor\/gracies-i-desgracies-dun-locutor-catala\/\" \/>\n<meta property=\"og:site_name\" content=\"DAVID MORALES MART\u00cdN\" \/>\n<meta property=\"article:publisher\" content=\"https:\/\/www.facebook.com\/davidmoralesvo\" \/>\n<meta property=\"article:author\" content=\"https:\/\/www.facebook.com\/davidmoralesvo\" \/>\n<meta property=\"article:published_time\" content=\"2026-07-27T09:00:00+00:00\" \/>\n<meta property=\"article:modified_time\" content=\"2026-08-10T14:07:57+00:00\" \/>\n<meta property=\"og:image\" content=\"https:\/\/locutoronline.net\/catala-locutor\/wp-content\/uploads\/2026\/08\/01-gracias-y-desgracias-de-un-locutor-espanol-1.webp\" \/>\n\t<meta property=\"og:image:width\" content=\"1140\" \/>\n\t<meta property=\"og:image:height\" content=\"1140\" \/>\n\t<meta property=\"og:image:type\" content=\"image\/webp\" \/>\n<meta name=\"author\" content=\"David Morales Mart\u00edn\" \/>\n<meta name=\"twitter:card\" content=\"summary_large_image\" \/>\n<meta name=\"twitter:creator\" content=\"@davidmoralesvo\" \/>\n<meta name=\"twitter:site\" content=\"@davidmoralesvo\" \/>\n<meta name=\"twitter:label1\" content=\"Escrit per\" \/>\n\t<meta name=\"twitter:data1\" content=\"David Morales Mart\u00edn\" \/>\n\t<meta name=\"twitter:label2\" content=\"Temps estimat de lectura\" \/>\n\t<meta name=\"twitter:data2\" content=\"9 minuts\" \/>\n<script type=\"application\/ld+json\" class=\"yoast-schema-graph\">{\"@context\":\"https:\\\/\\\/schema.org\",\"@graph\":[{\"@type\":\"Article\",\"@id\":\"https:\\\/\\\/locutoronline.net\\\/catala-locutor\\\/gracies-i-desgracies-dun-locutor-catala\\\/#article\",\"isPartOf\":{\"@id\":\"https:\\\/\\\/locutoronline.net\\\/catala-locutor\\\/gracies-i-desgracies-dun-locutor-catala\\\/\"},\"author\":{\"name\":\"David Morales Mart\u00edn\",\"@id\":\"https:\\\/\\\/locutoronline.net\\\/catala-locutor\\\/#\\\/schema\\\/person\\\/cbf368bdcf433c86ff48caea7ee6e5dd\"},\"headline\":\"Gr\u00e0cies i desgr\u00e0cies d&#8217;un locutor catal\u00e0: comen\u00e7a el blog\",\"datePublished\":\"2026-07-27T09:00:00+00:00\",\"dateModified\":\"2026-08-10T14:07:57+00:00\",\"mainEntityOfPage\":{\"@id\":\"https:\\\/\\\/locutoronline.net\\\/catala-locutor\\\/gracies-i-desgracies-dun-locutor-catala\\\/\"},\"wordCount\":762,\"publisher\":{\"@id\":\"https:\\\/\\\/locutoronline.net\\\/catala-locutor\\\/#\\\/schema\\\/person\\\/cbf368bdcf433c86ff48caea7ee6e5dd\"},\"image\":{\"@id\":\"https:\\\/\\\/locutoronline.net\\\/catala-locutor\\\/gracies-i-desgracies-dun-locutor-catala\\\/#primaryimage\"},\"thumbnailUrl\":\"https:\\\/\\\/locutoronline.net\\\/catala-locutor\\\/wp-content\\\/uploads\\\/2026\\\/08\\\/01-gracias-y-desgracias-de-un-locutor-espanol-1.webp\",\"keywords\":[\"benvinguda\",\"blog\",\"locutor catal\u00e0\"],\"articleSection\":[\"Hist\u00f2ries de l'estudi\"],\"inLanguage\":\"ca\"},{\"@type\":\"WebPage\",\"@id\":\"https:\\\/\\\/locutoronline.net\\\/catala-locutor\\\/gracies-i-desgracies-dun-locutor-catala\\\/\",\"url\":\"https:\\\/\\\/locutoronline.net\\\/catala-locutor\\\/gracies-i-desgracies-dun-locutor-catala\\\/\",\"name\":\"Gr\u00e0cies i desgr\u00e0cies d'un locutor catal\u00e0: el blog\",\"isPartOf\":{\"@id\":\"https:\\\/\\\/locutoronline.net\\\/catala-locutor\\\/#website\"},\"primaryImageOfPage\":{\"@id\":\"https:\\\/\\\/locutoronline.net\\\/catala-locutor\\\/gracies-i-desgracies-dun-locutor-catala\\\/#primaryimage\"},\"image\":{\"@id\":\"https:\\\/\\\/locutoronline.net\\\/catala-locutor\\\/gracies-i-desgracies-dun-locutor-catala\\\/#primaryimage\"},\"thumbnailUrl\":\"https:\\\/\\\/locutoronline.net\\\/catala-locutor\\\/wp-content\\\/uploads\\\/2026\\\/08\\\/01-gracias-y-desgracias-de-un-locutor-espanol-1.webp\",\"datePublished\":\"2026-07-27T09:00:00+00:00\",\"dateModified\":\"2026-08-10T14:07:57+00:00\",\"description\":\"Vint anys parlant sol en una habitaci\u00f3 encoixinada donen per a molt: trucs per a clients, hist\u00f2ries d'estudi i alguna cat\u00e0strofe. Comen\u00e7a el blog.\",\"breadcrumb\":{\"@id\":\"https:\\\/\\\/locutoronline.net\\\/catala-locutor\\\/gracies-i-desgracies-dun-locutor-catala\\\/#breadcrumb\"},\"inLanguage\":\"ca\",\"potentialAction\":[{\"@type\":\"ReadAction\",\"target\":[\"https:\\\/\\\/locutoronline.net\\\/catala-locutor\\\/gracies-i-desgracies-dun-locutor-catala\\\/\"]}]},{\"@type\":\"ImageObject\",\"inLanguage\":\"ca\",\"@id\":\"https:\\\/\\\/locutoronline.net\\\/catala-locutor\\\/gracies-i-desgracies-dun-locutor-catala\\\/#primaryimage\",\"url\":\"https:\\\/\\\/locutoronline.net\\\/catala-locutor\\\/wp-content\\\/uploads\\\/2026\\\/08\\\/01-gracias-y-desgracias-de-un-locutor-espanol-1.webp\",\"contentUrl\":\"https:\\\/\\\/locutoronline.net\\\/catala-locutor\\\/wp-content\\\/uploads\\\/2026\\\/08\\\/01-gracias-y-desgracias-de-un-locutor-espanol-1.webp\",\"width\":1140,\"height\":1140,\"caption\":\"David Morales, locutor catal\u00e0, escanyat pel cable dels seus auriculars\"},{\"@type\":\"BreadcrumbList\",\"@id\":\"https:\\\/\\\/locutoronline.net\\\/catala-locutor\\\/gracies-i-desgracies-dun-locutor-catala\\\/#breadcrumb\",\"itemListElement\":[{\"@type\":\"ListItem\",\"position\":1,\"name\":\"Inici\",\"item\":\"https:\\\/\\\/locutoronline.net\\\/catala-locutor\\\/\"},{\"@type\":\"ListItem\",\"position\":2,\"name\":\"Gr\u00e0cies i desgr\u00e0cies d&#8217;un locutor catal\u00e0: comen\u00e7a el blog\"}]},{\"@type\":\"WebSite\",\"@id\":\"https:\\\/\\\/locutoronline.net\\\/catala-locutor\\\/#website\",\"url\":\"https:\\\/\\\/locutoronline.net\\\/catala-locutor\\\/\",\"name\":\"DAVID MORALES MART\u00cdN: Locutor\",\"description\":\"Locutor professional: catal\u00e0 i castell\u00e0\",\"publisher\":{\"@id\":\"https:\\\/\\\/locutoronline.net\\\/catala-locutor\\\/#\\\/schema\\\/person\\\/cbf368bdcf433c86ff48caea7ee6e5dd\"},\"potentialAction\":[{\"@type\":\"SearchAction\",\"target\":{\"@type\":\"EntryPoint\",\"urlTemplate\":\"https:\\\/\\\/locutoronline.net\\\/catala-locutor\\\/?s={search_term_string}\"},\"query-input\":{\"@type\":\"PropertyValueSpecification\",\"valueRequired\":true,\"valueName\":\"search_term_string\"}}],\"inLanguage\":\"ca\"},{\"@type\":[\"Person\",\"Organization\"],\"@id\":\"https:\\\/\\\/locutoronline.net\\\/catala-locutor\\\/#\\\/schema\\\/person\\\/cbf368bdcf433c86ff48caea7ee6e5dd\",\"name\":\"David Morales Mart\u00edn\",\"image\":{\"@type\":\"ImageObject\",\"inLanguage\":\"ca\",\"@id\":\"https:\\\/\\\/locutoronline.net\\\/catala-locutor\\\/wp-content\\\/uploads\\\/2026\\\/05\\\/IMG_banner_locutor_freelance.webp\",\"url\":\"https:\\\/\\\/locutoronline.net\\\/catala-locutor\\\/wp-content\\\/uploads\\\/2026\\\/05\\\/IMG_banner_locutor_freelance.webp\",\"contentUrl\":\"https:\\\/\\\/locutoronline.net\\\/catala-locutor\\\/wp-content\\\/uploads\\\/2026\\\/05\\\/IMG_banner_locutor_freelance.webp\",\"width\":1920,\"height\":1281,\"caption\":\"David Morales Mart\u00edn\"},\"logo\":{\"@id\":\"https:\\\/\\\/locutoronline.net\\\/catala-locutor\\\/wp-content\\\/uploads\\\/2026\\\/05\\\/IMG_banner_locutor_freelance.webp\"},\"description\":\"Locutor professional i actor de doblatge amb m\u00e9s de 20 anys d'experi\u00e8ncia i estudi de gravaci\u00f3 propi a Barcelona. Locucions en catal\u00e0 i castell\u00e0 per a publicitat, v\u00eddeos corporatius, e-Learning, audioguies i documentals. Tres nominacions als One Voice Awards 2024.\",\"sameAs\":[\"https:\\\/\\\/www.facebook.com\\\/davidmoralesvo\",\"https:\\\/\\\/www.instagram.com\\\/davidmoralesvo\\\/\",\"https:\\\/\\\/www.linkedin.com\\\/in\\\/davidmoralesvo\",\"https:\\\/\\\/x.com\\\/davidmoralesvo\"]}]}<\/script>\n<!-- \/ Yoast SEO plugin. -->","yoast_head_json":{"title":"Gr\u00e0cies i desgr\u00e0cies d'un locutor catal\u00e0: el blog","description":"Vint anys parlant sol en una habitaci\u00f3 encoixinada donen per a molt: trucs per a clients, hist\u00f2ries d'estudi i alguna cat\u00e0strofe. Comen\u00e7a el blog.","robots":{"index":"index","follow":"follow","max-snippet":"max-snippet:-1","max-image-preview":"max-image-preview:large","max-video-preview":"max-video-preview:-1"},"canonical":"https:\/\/locutoronline.net\/catala-locutor\/gracies-i-desgracies-dun-locutor-catala\/","og_locale":"ca_ES","og_type":"article","og_title":"Gr\u00e0cies i desgr\u00e0cies d'un locutor catal\u00e0: el blog","og_description":"Vint anys parlant sol en una habitaci\u00f3 encoixinada donen per a molt: trucs per a clients, hist\u00f2ries d'estudi i alguna cat\u00e0strofe. Comen\u00e7a el blog.","og_url":"https:\/\/locutoronline.net\/catala-locutor\/gracies-i-desgracies-dun-locutor-catala\/","og_site_name":"DAVID MORALES MART\u00cdN","article_publisher":"https:\/\/www.facebook.com\/davidmoralesvo","article_author":"https:\/\/www.facebook.com\/davidmoralesvo","article_published_time":"2026-07-27T09:00:00+00:00","article_modified_time":"2026-08-10T14:07:57+00:00","og_image":[{"width":1140,"height":1140,"url":"https:\/\/locutoronline.net\/catala-locutor\/wp-content\/uploads\/2026\/08\/01-gracias-y-desgracias-de-un-locutor-espanol-1.webp","type":"image\/webp"}],"author":"David Morales Mart\u00edn","twitter_card":"summary_large_image","twitter_creator":"@davidmoralesvo","twitter_site":"@davidmoralesvo","twitter_misc":{"Escrit per":"David Morales Mart\u00edn","Temps estimat de lectura":"9 minuts"},"schema":{"@context":"https:\/\/schema.org","@graph":[{"@type":"Article","@id":"https:\/\/locutoronline.net\/catala-locutor\/gracies-i-desgracies-dun-locutor-catala\/#article","isPartOf":{"@id":"https:\/\/locutoronline.net\/catala-locutor\/gracies-i-desgracies-dun-locutor-catala\/"},"author":{"name":"David Morales Mart\u00edn","@id":"https:\/\/locutoronline.net\/catala-locutor\/#\/schema\/person\/cbf368bdcf433c86ff48caea7ee6e5dd"},"headline":"Gr\u00e0cies i desgr\u00e0cies d&#8217;un locutor catal\u00e0: comen\u00e7a el blog","datePublished":"2026-07-27T09:00:00+00:00","dateModified":"2026-08-10T14:07:57+00:00","mainEntityOfPage":{"@id":"https:\/\/locutoronline.net\/catala-locutor\/gracies-i-desgracies-dun-locutor-catala\/"},"wordCount":762,"publisher":{"@id":"https:\/\/locutoronline.net\/catala-locutor\/#\/schema\/person\/cbf368bdcf433c86ff48caea7ee6e5dd"},"image":{"@id":"https:\/\/locutoronline.net\/catala-locutor\/gracies-i-desgracies-dun-locutor-catala\/#primaryimage"},"thumbnailUrl":"https:\/\/locutoronline.net\/catala-locutor\/wp-content\/uploads\/2026\/08\/01-gracias-y-desgracias-de-un-locutor-espanol-1.webp","keywords":["benvinguda","blog","locutor catal\u00e0"],"articleSection":["Hist\u00f2ries de l'estudi"],"inLanguage":"ca"},{"@type":"WebPage","@id":"https:\/\/locutoronline.net\/catala-locutor\/gracies-i-desgracies-dun-locutor-catala\/","url":"https:\/\/locutoronline.net\/catala-locutor\/gracies-i-desgracies-dun-locutor-catala\/","name":"Gr\u00e0cies i desgr\u00e0cies d'un locutor catal\u00e0: el blog","isPartOf":{"@id":"https:\/\/locutoronline.net\/catala-locutor\/#website"},"primaryImageOfPage":{"@id":"https:\/\/locutoronline.net\/catala-locutor\/gracies-i-desgracies-dun-locutor-catala\/#primaryimage"},"image":{"@id":"https:\/\/locutoronline.net\/catala-locutor\/gracies-i-desgracies-dun-locutor-catala\/#primaryimage"},"thumbnailUrl":"https:\/\/locutoronline.net\/catala-locutor\/wp-content\/uploads\/2026\/08\/01-gracias-y-desgracias-de-un-locutor-espanol-1.webp","datePublished":"2026-07-27T09:00:00+00:00","dateModified":"2026-08-10T14:07:57+00:00","description":"Vint anys parlant sol en una habitaci\u00f3 encoixinada donen per a molt: trucs per a clients, hist\u00f2ries d'estudi i alguna cat\u00e0strofe. Comen\u00e7a el blog.","breadcrumb":{"@id":"https:\/\/locutoronline.net\/catala-locutor\/gracies-i-desgracies-dun-locutor-catala\/#breadcrumb"},"inLanguage":"ca","potentialAction":[{"@type":"ReadAction","target":["https:\/\/locutoronline.net\/catala-locutor\/gracies-i-desgracies-dun-locutor-catala\/"]}]},{"@type":"ImageObject","inLanguage":"ca","@id":"https:\/\/locutoronline.net\/catala-locutor\/gracies-i-desgracies-dun-locutor-catala\/#primaryimage","url":"https:\/\/locutoronline.net\/catala-locutor\/wp-content\/uploads\/2026\/08\/01-gracias-y-desgracias-de-un-locutor-espanol-1.webp","contentUrl":"https:\/\/locutoronline.net\/catala-locutor\/wp-content\/uploads\/2026\/08\/01-gracias-y-desgracias-de-un-locutor-espanol-1.webp","width":1140,"height":1140,"caption":"David Morales, locutor catal\u00e0, escanyat pel cable dels seus auriculars"},{"@type":"BreadcrumbList","@id":"https:\/\/locutoronline.net\/catala-locutor\/gracies-i-desgracies-dun-locutor-catala\/#breadcrumb","itemListElement":[{"@type":"ListItem","position":1,"name":"Inici","item":"https:\/\/locutoronline.net\/catala-locutor\/"},{"@type":"ListItem","position":2,"name":"Gr\u00e0cies i desgr\u00e0cies d&#8217;un locutor catal\u00e0: comen\u00e7a el blog"}]},{"@type":"WebSite","@id":"https:\/\/locutoronline.net\/catala-locutor\/#website","url":"https:\/\/locutoronline.net\/catala-locutor\/","name":"DAVID MORALES MART\u00cdN: Locutor","description":"Locutor professional: catal\u00e0 i castell\u00e0","publisher":{"@id":"https:\/\/locutoronline.net\/catala-locutor\/#\/schema\/person\/cbf368bdcf433c86ff48caea7ee6e5dd"},"potentialAction":[{"@type":"SearchAction","target":{"@type":"EntryPoint","urlTemplate":"https:\/\/locutoronline.net\/catala-locutor\/?s={search_term_string}"},"query-input":{"@type":"PropertyValueSpecification","valueRequired":true,"valueName":"search_term_string"}}],"inLanguage":"ca"},{"@type":["Person","Organization"],"@id":"https:\/\/locutoronline.net\/catala-locutor\/#\/schema\/person\/cbf368bdcf433c86ff48caea7ee6e5dd","name":"David Morales Mart\u00edn","image":{"@type":"ImageObject","inLanguage":"ca","@id":"https:\/\/locutoronline.net\/catala-locutor\/wp-content\/uploads\/2026\/05\/IMG_banner_locutor_freelance.webp","url":"https:\/\/locutoronline.net\/catala-locutor\/wp-content\/uploads\/2026\/05\/IMG_banner_locutor_freelance.webp","contentUrl":"https:\/\/locutoronline.net\/catala-locutor\/wp-content\/uploads\/2026\/05\/IMG_banner_locutor_freelance.webp","width":1920,"height":1281,"caption":"David Morales Mart\u00edn"},"logo":{"@id":"https:\/\/locutoronline.net\/catala-locutor\/wp-content\/uploads\/2026\/05\/IMG_banner_locutor_freelance.webp"},"description":"Locutor professional i actor de doblatge amb m\u00e9s de 20 anys d'experi\u00e8ncia i estudi de gravaci\u00f3 propi a Barcelona. Locucions en catal\u00e0 i castell\u00e0 per a publicitat, v\u00eddeos corporatius, e-Learning, audioguies i documentals. Tres nominacions als One Voice Awards 2024.","sameAs":["https:\/\/www.facebook.com\/davidmoralesvo","https:\/\/www.instagram.com\/davidmoralesvo\/","https:\/\/www.linkedin.com\/in\/davidmoralesvo","https:\/\/x.com\/davidmoralesvo"]}]}},"builder_content":"<p>Fa vint anys que parlo sol en una habitaci\u00f3 encoixinada. I encara que de vegades gaireb\u00e9 no m'ho puc creure... doncs em paguen per fer-ho! Per\u00f2 no t'emocionis gaire, que aqu\u00ed no es regala res. Tot el que surt del meu estudi va passant per caixa.<\/p><p>A l'habitaci\u00f3 se'n diu estudi de gravaci\u00f3, al que hi faig a dins se'n diu locuci\u00f3, i a aquest blog li he posat \"Gr\u00e0cies i desgr\u00e0cies d'un locutor catal\u00e0\" perqu\u00e8 aquest ofici \u00e9s exactament aix\u00f2: una barreja de moments gloriosos i de cat\u00e0strofes que nom\u00e9s fan gr\u00e0cia quan ja han passat. B\u00e9, i perqu\u00e8 soc fan de Francisco de Quevedo i volia retre el meu humil homenatge a les seves \"Gracias y desgracias del...\"<\/p><p>B\u00e9, i tornant al tema. Et preguntar\u00e0s: qu\u00e8 se sent en escoltar la teva pr\u00f2pia veu sortint de la tele mentre rentes els plats? Per qu\u00e8 un locutor pot repetir la mateixa frase quaranta vegades i que la presa bona sigui la segona? Qu\u00e8 li passa pel cap a alg\u00fa que diu \"restaurant xin\u00e8s Gran Muralla, qualitat i tradici\u00f3\" amb la mateixa solemnitat que si anunci\u00e9s un perfum de Dior? Doncs precisament de tot aix\u00f2 va aquest blog.<\/p>\n<h2>Les gr\u00e0cies<\/h2><p>Les gr\u00e0cies d'aquest ofici s\u00f3n moltes i no totes es poden explicar en horari infantil. Hi ha la gr\u00e0cia que la teva veu viatgi a llocs on tu no has estat mai: un altaveu de supermercat a Can\u00e0ries, un museu a Gal\u00edcia, els auriculars d'alg\u00fa que escolta un audiollibre a les dues de la matinada. Hi ha la gr\u00e0cia dels enc\u00e0rrecs impossibles que acaben sortint, dels clients que es converteixen gaireb\u00e9 en fam\u00edlia, i la gr\u00e0cia suprema: llevar-te un dilluns amb ganes d'anar a treballar. Despr\u00e9s de vint anys fent el mateix... o no. Perqu\u00e8 justament rutina no \u00e9s una paraula que entri dins del vocabulari d'un locutor. Cada dia \u00e9s una aventura diferent. I aix\u00f2 no ho compra ni Amancio Ortega.<\/p><p>Aqu\u00ed tamb\u00e9 hi entren les gr\u00e0cies que et vull fer a tu, que potser algun dia encarregar\u00e0s una locuci\u00f3: consells dels que estalvien diners, temps i disgustos. Com enviar un gui\u00f3, qu\u00e8 demanar-li a una veu, per qu\u00e8 el teu n\u00famero de tel\u00e8fon no cap en una falca de vint segons. Coses que ning\u00fa no t'explica fins que ja has pagat la novatada.<\/p><h2>Les desgr\u00e0cies<\/h2><p>I despr\u00e9s hi ha les desgr\u00e0cies, que s\u00f3n la sal d'aquest blog. Sessions que van comen\u00e7ar tortes i van acabar pitjor. Guions amb trampes amagades com mines antipersona. Modes publicit\u00e0ries que arrasen amb tot el seny per davant. I la desgr\u00e0cia de moda: m\u00e0quines que asseguren parlar com jo per\u00f2 que encara no saben la cosa m\u00e9s important que faig quan treballo. I no \u00e9s amb la meva veu. \u00c9s posar cor i seny a tot el que faig i a tot el que dic. B\u00e9... i respirar. Que les IA tampoc no van gaire sobrades d'agafar aire.<\/p><p>De les desgr\u00e0cies se n'apr\u00e8n m\u00e9s que de les gr\u00e0cies, i per aix\u00f2 penso explicar-les sense anest\u00e8sia. Les meves, \u00e9s clar. Les dels meus clients queden protegides pel secret professional i per la pietat.<\/p>\n<img src=\"https:\/\/locutoronline.net\/catala-locutor\/wp-content\/uploads\/2026\/08\/01-gracias-y-desgracias-de-un-locutor-espanol-1.webp\" title=\"01-gracias-y-desgracias-de-un-locutor-espanol\" alt=\"David Morales, locutor catal\u00e0, escanyat pel cable dels seus auriculars\" srcset=\"https:\/\/locutoronline.net\/catala-locutor\/wp-content\/uploads\/2026\/08\/01-gracias-y-desgracias-de-un-locutor-espanol-1.webp 1140w, https:\/\/locutoronline.net\/catala-locutor\/wp-content\/uploads\/2026\/08\/01-gracias-y-desgracias-de-un-locutor-espanol-1-300x300.webp 300w, https:\/\/locutoronline.net\/catala-locutor\/wp-content\/uploads\/2026\/08\/01-gracias-y-desgracias-de-un-locutor-espanol-1-1024x1024.webp 1024w, https:\/\/locutoronline.net\/catala-locutor\/wp-content\/uploads\/2026\/08\/01-gracias-y-desgracias-de-un-locutor-espanol-1-150x150.webp 150w, https:\/\/locutoronline.net\/catala-locutor\/wp-content\/uploads\/2026\/08\/01-gracias-y-desgracias-de-un-locutor-espanol-1-768x768.webp 768w\" sizes=\"(max-width: 1140px) 100vw, 1140px\" \/>\n<h2>Qu\u00e8 hi trobar\u00e0s aqu\u00ed cada quinze dies?<\/h2><p>Un article nou cada dos dilluns, en tres idiomes (catal\u00e0, castell\u00e0 i angl\u00e8s, que un \u00e9s de Barcelona i li agrada complicar-se), i sempre d'algun d'aquests pals: consells per a qui contracta una veu, secrets dels guions publicitaris, rebotiga de l'ofici, l'eterna baralla entre la veu humana i l'artificial, i hist\u00f2ries d'estudi que semblen inventades, per\u00f2 que s\u00f3n m\u00e9s reals que la clatellada que em clava la Seguretat Social cada final de mes.<\/p><p>Si vols saber qui \u00e9s el que et parla, a <a href=\"https:\/\/locutoronline.net\/catala-locutor\/actor-de-doblatge\/\">la p\u00e0gina sobre mi<\/a> hi ha la biografia oficial, amb premis i tot. L'extraoficial l'anir\u00e0s descobrint aqu\u00ed, article a article. I si el que necessites \u00e9s una veu per al teu projecte i les presentacions t'importen poc, <a href=\"https:\/\/locutoronline.net\/catala-locutor\/contractar-locutor\/\">ves directe a contactar<\/a>: pressupost en 24 hores i zero embuts.<\/p><p>Posa't c\u00f2mode, apuja el volum i passa. El llum vermell ja est\u00e0 enc\u00e8s.<\/p>\n<h2>David Morales: el teu locutor catal\u00e0<\/h2>\n<a href=\"https:\/\/locutoronline.net\/catala-locutor\/contractar-locutor\/\" > Contacta amb mi <\/a>","_links":{"self":[{"href":"https:\/\/locutoronline.net\/catala-locutor\/wp-json\/wp\/v2\/posts\/910431","targetHints":{"allow":["GET"]}}],"collection":[{"href":"https:\/\/locutoronline.net\/catala-locutor\/wp-json\/wp\/v2\/posts"}],"about":[{"href":"https:\/\/locutoronline.net\/catala-locutor\/wp-json\/wp\/v2\/types\/post"}],"author":[{"embeddable":true,"href":"https:\/\/locutoronline.net\/catala-locutor\/wp-json\/wp\/v2\/users\/1"}],"replies":[{"embeddable":true,"href":"https:\/\/locutoronline.net\/catala-locutor\/wp-json\/wp\/v2\/comments?post=910431"}],"version-history":[{"count":4,"href":"https:\/\/locutoronline.net\/catala-locutor\/wp-json\/wp\/v2\/posts\/910431\/revisions"}],"predecessor-version":[{"id":910441,"href":"https:\/\/locutoronline.net\/catala-locutor\/wp-json\/wp\/v2\/posts\/910431\/revisions\/910441"}],"wp:featuredmedia":[{"embeddable":true,"href":"https:\/\/locutoronline.net\/catala-locutor\/wp-json\/wp\/v2\/media\/910430"}],"wp:attachment":[{"href":"https:\/\/locutoronline.net\/catala-locutor\/wp-json\/wp\/v2\/media?parent=910431"}],"wp:term":[{"taxonomy":"category","embeddable":true,"href":"https:\/\/locutoronline.net\/catala-locutor\/wp-json\/wp\/v2\/categories?post=910431"},{"taxonomy":"post_tag","embeddable":true,"href":"https:\/\/locutoronline.net\/catala-locutor\/wp-json\/wp\/v2\/tags?post=910431"}],"curies":[{"name":"wp","href":"https:\/\/api.w.org\/{rel}","templated":true}]}}