{"id":910435,"date":"2026-08-10T09:05:00","date_gmt":"2026-08-10T09:05:00","guid":{"rendered":"https:\/\/locutoronline.net\/catala-locutor\/?p=910435"},"modified":"2026-08-10T14:09:12","modified_gmt":"2026-08-10T14:09:12","slug":"veu-humana-o-veu-dia","status":"publish","type":"post","link":"https:\/\/locutoronline.net\/catala-locutor\/veu-humana-o-veu-dia\/","title":{"rendered":"Veu humana o veu d&#8217;IA: qu\u00e8 s&#8217;hi juga la teva marca"},"content":{"rendered":"<!--themify_builder_content-->\n<div id=\"themify_builder_content-910435\" data-postid=\"910435\" class=\"themify_builder_content themify_builder_content-910435 themify_builder tf_clear\">\n                    <div  data-lazy=\"1\" class=\"module_row themify_builder_row tb_0q3p613 tb_first tf_w\">\n                        <div class=\"row_inner col_align_top tb_col_count_1 tf_box tf_rel\">\n                        <div  data-lazy=\"1\" class=\"module_column tb-column col-full tb_myk5613 first\">\n                    <!-- module text -->\n<div  class=\"module module-text tb_x8ux190   \" data-lazy=\"1\">\n        <div  class=\"tb_text_wrap\">\n        <p>Comen\u00e7ar\u00e9 confessant una cosa que potser no esperes d&#8217;un locutor: les veus d&#8217;intel\u00b7lig\u00e8ncia artificial em semblen un invent extraordinari. Ho dic seriosament. Que una m\u00e0quina llegeixi un text i soni raonablement a persona \u00e9s ci\u00e8ncia-ficci\u00f3 feta realitat. I ara que ja he estat amable, deixa&#8217;m explicar-te per qu\u00e8 fa anys que veig com projectes que van apostar per una veu sint\u00e8tica acaben trucant a la meva porta.<\/p>    <\/div>\n<\/div>\n<!-- \/module text -->        <\/div>\n                        <\/div>\n        <\/div>\n                        <div  data-lazy=\"1\" class=\"module_row themify_builder_row tb_pdgb44 tf_w\">\n                        <div class=\"row_inner col_align_middle gutter-narrow tb_col_count_2 tf_box tf_rel\">\n                        <div  data-lazy=\"1\" class=\"module_column tb-column col4-2 tb_vwqb44 first\">\n                    <!-- module text -->\n<div  class=\"module module-text tb_y6ss44    wow\" data-tf-animation=\"slideInLeft\" data-lazy=\"1\">\n        <div  class=\"tb_text_wrap\">\n        <h2>La resposta curta: la IA no respira<\/h2>\n<p>Una veu d&#8217;IA no respira. Sembla un detall menor, per\u00f2 \u00e9s el detall que ho canvia tot. La respiraci\u00f3 \u00e9s el metr\u00f2nom invisible de la comunicaci\u00f3 humana: marca les pauses, anticipa all\u00f2 important, deixa que una idea s&#8217;assenti abans de deixar anar la seg\u00fcent. Quan escoltes una locuci\u00f3 i alguna cosa \u00abno et quadra\u00bb sense saber qu\u00e8 \u00e9s, gaireb\u00e9 sempre \u00e9s aix\u00f2: ning\u00fa no est\u00e0 respirant all\u00e0 dins.<\/p>\n<p>I amb la respiraci\u00f3 se&#8217;n va tota la resta: el dubte calculat abans d&#8217;una dada important, el somriure que se sent sense veure&#8217;s, el canvi d&#8217;intenci\u00f3 a mitja frase perqu\u00e8 el text ho demana. Una veu sint\u00e8tica llegeix. Una veu humana interpreta. I la teva audi\u00e8ncia, encara que no s\u00e0piga explicar-ho, distingeix les dues coses en segons.<\/p>\n<h2>On funciona la IA (s\u00ed, hi ha llocs)<\/h2>\n<p>Siguem honestos: per a un av\u00eds intern que ning\u00fa no escoltar\u00e0 dues vegades, per al prototip d&#8217;un v\u00eddeo que encara est\u00e0 en esborrany, per provar com sona un gui\u00f3 abans de gravar-lo seriosament&#8230; una veu sint\u00e8tica compleix. Jo mateix recomano de vegades fer-les servir com a veu de refer\u00e8ncia en maquetes. Amb un av\u00eds: la IA de refer\u00e8ncia no respira, aix\u00ed que si muntes el teu v\u00eddeo sobre ella, no haur\u00e0s deixat espai perqu\u00e8 la veu definitiva respiri. Despr\u00e9s no diguis que no t&#8217;ho vaig advertir.<\/p>\n<h2>On t&#8217;hi jugues la marca<\/h2>\n<p>Ara b\u00e9: el teu spot, el teu v\u00eddeo corporatiu, el teu curs d&#8217;e-Learning de tres hores, el p\u00f2dcast de la teva marca&#8230; all\u00e0 cada paraula treballa per construir confian\u00e7a. I la confian\u00e7a \u00e9s un assumpte profundament hum\u00e0. Els estudis del sector ho repeteixen any rere any: la majoria de les empreses continuen triant veus humanes per a tot all\u00f2 que toca l&#8217;emoci\u00f3 i la imatge de marca. No per nost\u00e0lgia: per resultats. Un alumne aguanta millor un curs narrat per una persona. Un espectador connecta m\u00e9s amb un anunci que sona a alg\u00fa. \u00c9s aix\u00ed de senzill i aix\u00ed de dif\u00edcil d&#8217;imitar.<\/p>\n<p>Hi ha a m\u00e9s una q\u00fcesti\u00f3 que a les marques serioses els importa cada cop m\u00e9s: l&#8217;\u00e8tica. De qui \u00e9s aquella veu sint\u00e8tica? Es va entrenar amb veus robades? Qu\u00e8 dir\u00e0 el teu client quan s\u00e0piga que li parles amb una m\u00e0quina? S\u00f3n preguntes inc\u00f2modes que amb una veu humana ni tan sols existeixen.<\/p>    <\/div>\n<\/div>\n<!-- \/module text -->        <\/div>\n                    <div  data-lazy=\"1\" class=\"module_column tb-column col4-2 tb_ipsd44 last\">\n                    <!-- module image -->\n<div  class=\"module module-image tb_nkco44 image-top drop-shadow bordered circle  auto_fullwidth tf_mw wow\" data-tf-animation=\"slideInRight\" data-lazy=\"1\">\n        <div class=\"image-wrap tf_rel tf_mw\">\n            <img loading=\"lazy\" decoding=\"async\" width=\"1140\" height=\"1140\" src=\"https:\/\/locutoronline.net\/catala-locutor\/wp-content\/uploads\/2026\/08\/02-voz-humana-o-voz-de-ia-1.webp\" class=\"wp-post-image wp-image-910427\" title=\"02-voz-humana-o-voz-de-ia\" alt=\"Micr\u00f2fon d&#039;estudi professional, l&#039;eina de la veu humana\" srcset=\"https:\/\/locutoronline.net\/catala-locutor\/wp-content\/uploads\/2026\/08\/02-voz-humana-o-voz-de-ia-1.webp 1140w, https:\/\/locutoronline.net\/catala-locutor\/wp-content\/uploads\/2026\/08\/02-voz-humana-o-voz-de-ia-1-300x300.webp 300w, https:\/\/locutoronline.net\/catala-locutor\/wp-content\/uploads\/2026\/08\/02-voz-humana-o-voz-de-ia-1-1024x1024.webp 1024w, https:\/\/locutoronline.net\/catala-locutor\/wp-content\/uploads\/2026\/08\/02-voz-humana-o-voz-de-ia-1-150x150.webp 150w, https:\/\/locutoronline.net\/catala-locutor\/wp-content\/uploads\/2026\/08\/02-voz-humana-o-voz-de-ia-1-768x768.webp 768w\" sizes=\"auto, (max-width: 1140px) 100vw, 1140px\" \/>    \n        <\/div>\n    <!-- \/image-wrap -->\n    \n        <\/div>\n<!-- \/module image -->        <\/div>\n                        <\/div>\n        <\/div>\n                        <div  data-lazy=\"1\" class=\"module_row themify_builder_row tb_i9vb929 tf_w\">\n                        <div class=\"row_inner col_align_top tb_col_count_1 tf_box tf_rel\">\n                        <div  data-lazy=\"1\" class=\"module_column tb-column col-full tb_6lls929 first\">\n                    <!-- module text -->\n<div  class=\"module module-text tb_d5c8334   \" data-lazy=\"1\">\n        <div  class=\"tb_text_wrap\">\n        <h2>La meva aposta<\/h2>\n<p>Jo no competeixo amb les m\u00e0quines en velocitat ni en preu al quilo. Competeixo en l&#8217;\u00fanica cosa que importa quan el missatge importa: que a l&#8217;altra banda hi hagi alg\u00fa. Alg\u00fa que ent\u00e9n el teu gui\u00f3, que et proposa millorar-lo, que repeteix la frase amb una altra intenci\u00f3 perqu\u00e8 la primera no acabava de volar. Alg\u00fa que respira.<\/p>\n<p>Si el teu projecte mereix una veu amb alg\u00fa a dins, <a href=\"https:\/\/locutoronline.net\/catala-locutor\/contractar-locutor\/\">ja saps on trobar-me<\/a>. I si decideixes provar amb la IA, sense ranc\u00fania: ens veiem a la tornada.<\/p>    <\/div>\n<\/div>\n<!-- \/module text -->        <\/div>\n                        <\/div>\n        <\/div>\n                        <div  data-lazy=\"1\" class=\"module_row themify_builder_row tb_55oq89 tf_w\">\n            <span  class=\"builder_row_cover tf_abs\" data-lazy=\"1\"><\/span>            <div class=\"row_inner col_align_top tb_col_count_1 tf_box tf_rel\">\n                        <div  data-lazy=\"1\" class=\"module_column tb-column col-full tb_b59i89 first\">\n                    <!-- module text -->\n<div  class=\"module module-text tb_kdjj89    wow\" data-tf-animation=\"wobble\" data-lazy=\"1\">\n        <div  class=\"tb_text_wrap\">\n        <h2>David Morales: el teu locutor catal\u00e0<\/h2>    <\/div>\n<\/div>\n<!-- \/module text --><!-- module buttons -->\n<div  class=\"module module-buttons tb_p9rm89 buttons-horizontal outline   squared\" data-lazy=\"1\">\n        <div class=\"module-buttons-item tf_in_flx\">\n                        <a href=\"https:\/\/locutoronline.net\/catala-locutor\/contractar-locutor\/\" class=\"ui builder_button tf_in_flx tb_default_color\" >\n                                                Contacta amb mi                                        <\/a>\n                <\/div>\n            <\/div>\n<!-- \/module buttons -->\n        <\/div>\n                        <\/div>\n        <\/div>\n        <\/div>\n<!--\/themify_builder_content-->","protected":false},"excerpt":{"rendered":"<p>Comen\u00e7ar\u00e9 confessant una cosa que potser no esperes d&#8217;un locutor: les veus d&#8217;intel\u00b7lig\u00e8ncia artificial em semblen un invent extraordinari. Ho dic seriosament. Que una m\u00e0quina llegeixi un text i soni raonablement a persona \u00e9s ci\u00e8ncia-ficci\u00f3 feta realitat. I ara que ja he estat amable, deixa&#8217;m explicar-te per qu\u00e8 fa anys que veig com projectes que [&hellip;]<\/p>\n","protected":false},"author":1,"featured_media":910427,"comment_status":"closed","ping_status":"closed","sticky":false,"template":"","format":"standard","meta":{"footnotes":""},"categories":[42],"tags":[49,51,50],"class_list":["post-910435","post","type-post","status-publish","format-standard","has-post-thumbnail","hentry","category-veu-i-ia","tag-intelligencia-artificial","tag-marca","tag-veu-sintetica","has-post-title","has-post-date","has-post-category","has-post-tag","has-post-comment","has-post-author",""],"yoast_head":"<!-- This site is optimized with the Yoast SEO plugin v28.1 - https:\/\/yoast.com\/product\/yoast-seo-wordpress\/ -->\n<title>Veu humana o veu d&#039;IA: qu\u00e8 s&#039;hi juga la teva marca<\/title>\n<meta name=\"description\" content=\"Les veus d&#039;IA no respiren, no dubten i no s&#039;emocionen. I justament d&#039;aix\u00f2 viu el teu missatge. Una reflexi\u00f3 honesta d&#039;un locutor que no tem les m\u00e0quines.\" \/>\n<meta name=\"robots\" content=\"index, follow, max-snippet:-1, max-image-preview:large, max-video-preview:-1\" \/>\n<link rel=\"canonical\" href=\"https:\/\/locutoronline.net\/catala-locutor\/veu-humana-o-veu-dia\/\" \/>\n<meta property=\"og:locale\" content=\"ca_ES\" \/>\n<meta property=\"og:type\" content=\"article\" \/>\n<meta property=\"og:title\" content=\"Veu humana o veu d&#039;IA: qu\u00e8 s&#039;hi juga la teva marca\" \/>\n<meta property=\"og:description\" content=\"Les veus d&#039;IA no respiren, no dubten i no s&#039;emocionen. I justament d&#039;aix\u00f2 viu el teu missatge. Una reflexi\u00f3 honesta d&#039;un locutor que no tem les m\u00e0quines.\" \/>\n<meta property=\"og:url\" content=\"https:\/\/locutoronline.net\/catala-locutor\/veu-humana-o-veu-dia\/\" \/>\n<meta property=\"og:site_name\" content=\"DAVID MORALES MART\u00cdN\" \/>\n<meta property=\"article:publisher\" content=\"https:\/\/www.facebook.com\/davidmoralesvo\" \/>\n<meta property=\"article:author\" content=\"https:\/\/www.facebook.com\/davidmoralesvo\" \/>\n<meta property=\"article:published_time\" content=\"2026-08-10T09:05:00+00:00\" \/>\n<meta property=\"article:modified_time\" content=\"2026-08-10T14:09:12+00:00\" \/>\n<meta property=\"og:image\" content=\"https:\/\/locutoronline.net\/catala-locutor\/wp-content\/uploads\/2026\/08\/02-voz-humana-o-voz-de-ia-1.webp\" \/>\n\t<meta property=\"og:image:width\" content=\"1140\" \/>\n\t<meta property=\"og:image:height\" content=\"1140\" \/>\n\t<meta property=\"og:image:type\" content=\"image\/webp\" \/>\n<meta name=\"author\" content=\"David Morales Mart\u00edn\" \/>\n<meta name=\"twitter:card\" content=\"summary_large_image\" \/>\n<meta name=\"twitter:creator\" content=\"@davidmoralesvo\" \/>\n<meta name=\"twitter:site\" content=\"@davidmoralesvo\" \/>\n<meta name=\"twitter:label1\" content=\"Escrit per\" \/>\n\t<meta name=\"twitter:data1\" content=\"David Morales Mart\u00edn\" \/>\n\t<meta name=\"twitter:label2\" content=\"Temps estimat de lectura\" \/>\n\t<meta name=\"twitter:data2\" content=\"7 minuts\" \/>\n<script type=\"application\/ld+json\" class=\"yoast-schema-graph\">{\"@context\":\"https:\\\/\\\/schema.org\",\"@graph\":[{\"@type\":\"Article\",\"@id\":\"https:\\\/\\\/locutoronline.net\\\/catala-locutor\\\/veu-humana-o-veu-dia\\\/#article\",\"isPartOf\":{\"@id\":\"https:\\\/\\\/locutoronline.net\\\/catala-locutor\\\/veu-humana-o-veu-dia\\\/\"},\"author\":{\"name\":\"David Morales Mart\u00edn\",\"@id\":\"https:\\\/\\\/locutoronline.net\\\/catala-locutor\\\/#\\\/schema\\\/person\\\/cbf368bdcf433c86ff48caea7ee6e5dd\"},\"headline\":\"Veu humana o veu d&#8217;IA: qu\u00e8 s&#8217;hi juga la teva marca\",\"datePublished\":\"2026-08-10T09:05:00+00:00\",\"dateModified\":\"2026-08-10T14:09:12+00:00\",\"mainEntityOfPage\":{\"@id\":\"https:\\\/\\\/locutoronline.net\\\/catala-locutor\\\/veu-humana-o-veu-dia\\\/\"},\"wordCount\":622,\"publisher\":{\"@id\":\"https:\\\/\\\/locutoronline.net\\\/catala-locutor\\\/#\\\/schema\\\/person\\\/cbf368bdcf433c86ff48caea7ee6e5dd\"},\"image\":{\"@id\":\"https:\\\/\\\/locutoronline.net\\\/catala-locutor\\\/veu-humana-o-veu-dia\\\/#primaryimage\"},\"thumbnailUrl\":\"https:\\\/\\\/locutoronline.net\\\/catala-locutor\\\/wp-content\\\/uploads\\\/2026\\\/08\\\/02-voz-humana-o-voz-de-ia-1.webp\",\"keywords\":[\"intel\u00b7lig\u00e8ncia artificial\",\"marca\",\"veu sint\u00e8tica\"],\"articleSection\":[\"Veu i IA\"],\"inLanguage\":\"ca\"},{\"@type\":\"WebPage\",\"@id\":\"https:\\\/\\\/locutoronline.net\\\/catala-locutor\\\/veu-humana-o-veu-dia\\\/\",\"url\":\"https:\\\/\\\/locutoronline.net\\\/catala-locutor\\\/veu-humana-o-veu-dia\\\/\",\"name\":\"Veu humana o veu d'IA: qu\u00e8 s'hi juga la teva marca\",\"isPartOf\":{\"@id\":\"https:\\\/\\\/locutoronline.net\\\/catala-locutor\\\/#website\"},\"primaryImageOfPage\":{\"@id\":\"https:\\\/\\\/locutoronline.net\\\/catala-locutor\\\/veu-humana-o-veu-dia\\\/#primaryimage\"},\"image\":{\"@id\":\"https:\\\/\\\/locutoronline.net\\\/catala-locutor\\\/veu-humana-o-veu-dia\\\/#primaryimage\"},\"thumbnailUrl\":\"https:\\\/\\\/locutoronline.net\\\/catala-locutor\\\/wp-content\\\/uploads\\\/2026\\\/08\\\/02-voz-humana-o-voz-de-ia-1.webp\",\"datePublished\":\"2026-08-10T09:05:00+00:00\",\"dateModified\":\"2026-08-10T14:09:12+00:00\",\"description\":\"Les veus d'IA no respiren, no dubten i no s'emocionen. I justament d'aix\u00f2 viu el teu missatge. Una reflexi\u00f3 honesta d'un locutor que no tem les m\u00e0quines.\",\"breadcrumb\":{\"@id\":\"https:\\\/\\\/locutoronline.net\\\/catala-locutor\\\/veu-humana-o-veu-dia\\\/#breadcrumb\"},\"inLanguage\":\"ca\",\"potentialAction\":[{\"@type\":\"ReadAction\",\"target\":[\"https:\\\/\\\/locutoronline.net\\\/catala-locutor\\\/veu-humana-o-veu-dia\\\/\"]}]},{\"@type\":\"ImageObject\",\"inLanguage\":\"ca\",\"@id\":\"https:\\\/\\\/locutoronline.net\\\/catala-locutor\\\/veu-humana-o-veu-dia\\\/#primaryimage\",\"url\":\"https:\\\/\\\/locutoronline.net\\\/catala-locutor\\\/wp-content\\\/uploads\\\/2026\\\/08\\\/02-voz-humana-o-voz-de-ia-1.webp\",\"contentUrl\":\"https:\\\/\\\/locutoronline.net\\\/catala-locutor\\\/wp-content\\\/uploads\\\/2026\\\/08\\\/02-voz-humana-o-voz-de-ia-1.webp\",\"width\":1140,\"height\":1140,\"caption\":\"Micr\u00f2fon d'estudi professional, l'eina de la veu humana\"},{\"@type\":\"BreadcrumbList\",\"@id\":\"https:\\\/\\\/locutoronline.net\\\/catala-locutor\\\/veu-humana-o-veu-dia\\\/#breadcrumb\",\"itemListElement\":[{\"@type\":\"ListItem\",\"position\":1,\"name\":\"Inici\",\"item\":\"https:\\\/\\\/locutoronline.net\\\/catala-locutor\\\/\"},{\"@type\":\"ListItem\",\"position\":2,\"name\":\"Veu humana o veu d&#8217;IA: qu\u00e8 s&#8217;hi juga la teva marca\"}]},{\"@type\":\"WebSite\",\"@id\":\"https:\\\/\\\/locutoronline.net\\\/catala-locutor\\\/#website\",\"url\":\"https:\\\/\\\/locutoronline.net\\\/catala-locutor\\\/\",\"name\":\"DAVID MORALES MART\u00cdN: Locutor\",\"description\":\"Locutor professional: catal\u00e0 i castell\u00e0\",\"publisher\":{\"@id\":\"https:\\\/\\\/locutoronline.net\\\/catala-locutor\\\/#\\\/schema\\\/person\\\/cbf368bdcf433c86ff48caea7ee6e5dd\"},\"potentialAction\":[{\"@type\":\"SearchAction\",\"target\":{\"@type\":\"EntryPoint\",\"urlTemplate\":\"https:\\\/\\\/locutoronline.net\\\/catala-locutor\\\/?s={search_term_string}\"},\"query-input\":{\"@type\":\"PropertyValueSpecification\",\"valueRequired\":true,\"valueName\":\"search_term_string\"}}],\"inLanguage\":\"ca\"},{\"@type\":[\"Person\",\"Organization\"],\"@id\":\"https:\\\/\\\/locutoronline.net\\\/catala-locutor\\\/#\\\/schema\\\/person\\\/cbf368bdcf433c86ff48caea7ee6e5dd\",\"name\":\"David Morales Mart\u00edn\",\"image\":{\"@type\":\"ImageObject\",\"inLanguage\":\"ca\",\"@id\":\"https:\\\/\\\/locutoronline.net\\\/catala-locutor\\\/wp-content\\\/uploads\\\/2026\\\/05\\\/IMG_banner_locutor_freelance.webp\",\"url\":\"https:\\\/\\\/locutoronline.net\\\/catala-locutor\\\/wp-content\\\/uploads\\\/2026\\\/05\\\/IMG_banner_locutor_freelance.webp\",\"contentUrl\":\"https:\\\/\\\/locutoronline.net\\\/catala-locutor\\\/wp-content\\\/uploads\\\/2026\\\/05\\\/IMG_banner_locutor_freelance.webp\",\"width\":1920,\"height\":1281,\"caption\":\"David Morales Mart\u00edn\"},\"logo\":{\"@id\":\"https:\\\/\\\/locutoronline.net\\\/catala-locutor\\\/wp-content\\\/uploads\\\/2026\\\/05\\\/IMG_banner_locutor_freelance.webp\"},\"description\":\"Locutor professional i actor de doblatge amb m\u00e9s de 20 anys d'experi\u00e8ncia i estudi de gravaci\u00f3 propi a Barcelona. Locucions en catal\u00e0 i castell\u00e0 per a publicitat, v\u00eddeos corporatius, e-Learning, audioguies i documentals. Tres nominacions als One Voice Awards 2024.\",\"sameAs\":[\"https:\\\/\\\/www.facebook.com\\\/davidmoralesvo\",\"https:\\\/\\\/www.instagram.com\\\/davidmoralesvo\\\/\",\"https:\\\/\\\/www.linkedin.com\\\/in\\\/davidmoralesvo\",\"https:\\\/\\\/x.com\\\/davidmoralesvo\"]}]}<\/script>\n<!-- \/ Yoast SEO plugin. -->","yoast_head_json":{"title":"Veu humana o veu d'IA: qu\u00e8 s'hi juga la teva marca","description":"Les veus d'IA no respiren, no dubten i no s'emocionen. I justament d'aix\u00f2 viu el teu missatge. Una reflexi\u00f3 honesta d'un locutor que no tem les m\u00e0quines.","robots":{"index":"index","follow":"follow","max-snippet":"max-snippet:-1","max-image-preview":"max-image-preview:large","max-video-preview":"max-video-preview:-1"},"canonical":"https:\/\/locutoronline.net\/catala-locutor\/veu-humana-o-veu-dia\/","og_locale":"ca_ES","og_type":"article","og_title":"Veu humana o veu d'IA: qu\u00e8 s'hi juga la teva marca","og_description":"Les veus d'IA no respiren, no dubten i no s'emocionen. I justament d'aix\u00f2 viu el teu missatge. Una reflexi\u00f3 honesta d'un locutor que no tem les m\u00e0quines.","og_url":"https:\/\/locutoronline.net\/catala-locutor\/veu-humana-o-veu-dia\/","og_site_name":"DAVID MORALES MART\u00cdN","article_publisher":"https:\/\/www.facebook.com\/davidmoralesvo","article_author":"https:\/\/www.facebook.com\/davidmoralesvo","article_published_time":"2026-08-10T09:05:00+00:00","article_modified_time":"2026-08-10T14:09:12+00:00","og_image":[{"width":1140,"height":1140,"url":"https:\/\/locutoronline.net\/catala-locutor\/wp-content\/uploads\/2026\/08\/02-voz-humana-o-voz-de-ia-1.webp","type":"image\/webp"}],"author":"David Morales Mart\u00edn","twitter_card":"summary_large_image","twitter_creator":"@davidmoralesvo","twitter_site":"@davidmoralesvo","twitter_misc":{"Escrit per":"David Morales Mart\u00edn","Temps estimat de lectura":"7 minuts"},"schema":{"@context":"https:\/\/schema.org","@graph":[{"@type":"Article","@id":"https:\/\/locutoronline.net\/catala-locutor\/veu-humana-o-veu-dia\/#article","isPartOf":{"@id":"https:\/\/locutoronline.net\/catala-locutor\/veu-humana-o-veu-dia\/"},"author":{"name":"David Morales Mart\u00edn","@id":"https:\/\/locutoronline.net\/catala-locutor\/#\/schema\/person\/cbf368bdcf433c86ff48caea7ee6e5dd"},"headline":"Veu humana o veu d&#8217;IA: qu\u00e8 s&#8217;hi juga la teva marca","datePublished":"2026-08-10T09:05:00+00:00","dateModified":"2026-08-10T14:09:12+00:00","mainEntityOfPage":{"@id":"https:\/\/locutoronline.net\/catala-locutor\/veu-humana-o-veu-dia\/"},"wordCount":622,"publisher":{"@id":"https:\/\/locutoronline.net\/catala-locutor\/#\/schema\/person\/cbf368bdcf433c86ff48caea7ee6e5dd"},"image":{"@id":"https:\/\/locutoronline.net\/catala-locutor\/veu-humana-o-veu-dia\/#primaryimage"},"thumbnailUrl":"https:\/\/locutoronline.net\/catala-locutor\/wp-content\/uploads\/2026\/08\/02-voz-humana-o-voz-de-ia-1.webp","keywords":["intel\u00b7lig\u00e8ncia artificial","marca","veu sint\u00e8tica"],"articleSection":["Veu i IA"],"inLanguage":"ca"},{"@type":"WebPage","@id":"https:\/\/locutoronline.net\/catala-locutor\/veu-humana-o-veu-dia\/","url":"https:\/\/locutoronline.net\/catala-locutor\/veu-humana-o-veu-dia\/","name":"Veu humana o veu d'IA: qu\u00e8 s'hi juga la teva marca","isPartOf":{"@id":"https:\/\/locutoronline.net\/catala-locutor\/#website"},"primaryImageOfPage":{"@id":"https:\/\/locutoronline.net\/catala-locutor\/veu-humana-o-veu-dia\/#primaryimage"},"image":{"@id":"https:\/\/locutoronline.net\/catala-locutor\/veu-humana-o-veu-dia\/#primaryimage"},"thumbnailUrl":"https:\/\/locutoronline.net\/catala-locutor\/wp-content\/uploads\/2026\/08\/02-voz-humana-o-voz-de-ia-1.webp","datePublished":"2026-08-10T09:05:00+00:00","dateModified":"2026-08-10T14:09:12+00:00","description":"Les veus d'IA no respiren, no dubten i no s'emocionen. I justament d'aix\u00f2 viu el teu missatge. Una reflexi\u00f3 honesta d'un locutor que no tem les m\u00e0quines.","breadcrumb":{"@id":"https:\/\/locutoronline.net\/catala-locutor\/veu-humana-o-veu-dia\/#breadcrumb"},"inLanguage":"ca","potentialAction":[{"@type":"ReadAction","target":["https:\/\/locutoronline.net\/catala-locutor\/veu-humana-o-veu-dia\/"]}]},{"@type":"ImageObject","inLanguage":"ca","@id":"https:\/\/locutoronline.net\/catala-locutor\/veu-humana-o-veu-dia\/#primaryimage","url":"https:\/\/locutoronline.net\/catala-locutor\/wp-content\/uploads\/2026\/08\/02-voz-humana-o-voz-de-ia-1.webp","contentUrl":"https:\/\/locutoronline.net\/catala-locutor\/wp-content\/uploads\/2026\/08\/02-voz-humana-o-voz-de-ia-1.webp","width":1140,"height":1140,"caption":"Micr\u00f2fon d'estudi professional, l'eina de la veu humana"},{"@type":"BreadcrumbList","@id":"https:\/\/locutoronline.net\/catala-locutor\/veu-humana-o-veu-dia\/#breadcrumb","itemListElement":[{"@type":"ListItem","position":1,"name":"Inici","item":"https:\/\/locutoronline.net\/catala-locutor\/"},{"@type":"ListItem","position":2,"name":"Veu humana o veu d&#8217;IA: qu\u00e8 s&#8217;hi juga la teva marca"}]},{"@type":"WebSite","@id":"https:\/\/locutoronline.net\/catala-locutor\/#website","url":"https:\/\/locutoronline.net\/catala-locutor\/","name":"DAVID MORALES MART\u00cdN: Locutor","description":"Locutor professional: catal\u00e0 i castell\u00e0","publisher":{"@id":"https:\/\/locutoronline.net\/catala-locutor\/#\/schema\/person\/cbf368bdcf433c86ff48caea7ee6e5dd"},"potentialAction":[{"@type":"SearchAction","target":{"@type":"EntryPoint","urlTemplate":"https:\/\/locutoronline.net\/catala-locutor\/?s={search_term_string}"},"query-input":{"@type":"PropertyValueSpecification","valueRequired":true,"valueName":"search_term_string"}}],"inLanguage":"ca"},{"@type":["Person","Organization"],"@id":"https:\/\/locutoronline.net\/catala-locutor\/#\/schema\/person\/cbf368bdcf433c86ff48caea7ee6e5dd","name":"David Morales Mart\u00edn","image":{"@type":"ImageObject","inLanguage":"ca","@id":"https:\/\/locutoronline.net\/catala-locutor\/wp-content\/uploads\/2026\/05\/IMG_banner_locutor_freelance.webp","url":"https:\/\/locutoronline.net\/catala-locutor\/wp-content\/uploads\/2026\/05\/IMG_banner_locutor_freelance.webp","contentUrl":"https:\/\/locutoronline.net\/catala-locutor\/wp-content\/uploads\/2026\/05\/IMG_banner_locutor_freelance.webp","width":1920,"height":1281,"caption":"David Morales Mart\u00edn"},"logo":{"@id":"https:\/\/locutoronline.net\/catala-locutor\/wp-content\/uploads\/2026\/05\/IMG_banner_locutor_freelance.webp"},"description":"Locutor professional i actor de doblatge amb m\u00e9s de 20 anys d'experi\u00e8ncia i estudi de gravaci\u00f3 propi a Barcelona. Locucions en catal\u00e0 i castell\u00e0 per a publicitat, v\u00eddeos corporatius, e-Learning, audioguies i documentals. Tres nominacions als One Voice Awards 2024.","sameAs":["https:\/\/www.facebook.com\/davidmoralesvo","https:\/\/www.instagram.com\/davidmoralesvo\/","https:\/\/www.linkedin.com\/in\/davidmoralesvo","https:\/\/x.com\/davidmoralesvo"]}]}},"builder_content":"<p>Comen\u00e7ar\u00e9 confessant una cosa que potser no esperes d'un locutor: les veus d'intel\u00b7lig\u00e8ncia artificial em semblen un invent extraordinari. Ho dic seriosament. Que una m\u00e0quina llegeixi un text i soni raonablement a persona \u00e9s ci\u00e8ncia-ficci\u00f3 feta realitat. I ara que ja he estat amable, deixa'm explicar-te per qu\u00e8 fa anys que veig com projectes que van apostar per una veu sint\u00e8tica acaben trucant a la meva porta.<\/p>\n<h2>La resposta curta: la IA no respira<\/h2> <p>Una veu d'IA no respira. Sembla un detall menor, per\u00f2 \u00e9s el detall que ho canvia tot. La respiraci\u00f3 \u00e9s el metr\u00f2nom invisible de la comunicaci\u00f3 humana: marca les pauses, anticipa all\u00f2 important, deixa que una idea s'assenti abans de deixar anar la seg\u00fcent. Quan escoltes una locuci\u00f3 i alguna cosa \"no et quadra\" sense saber qu\u00e8 \u00e9s, gaireb\u00e9 sempre \u00e9s aix\u00f2: ning\u00fa no est\u00e0 respirant all\u00e0 dins.<\/p> <p>I amb la respiraci\u00f3 se'n va tota la resta: el dubte calculat abans d'una dada important, el somriure que se sent sense veure's, el canvi d'intenci\u00f3 a mitja frase perqu\u00e8 el text ho demana. Una veu sint\u00e8tica llegeix. Una veu humana interpreta. I la teva audi\u00e8ncia, encara que no s\u00e0piga explicar-ho, distingeix les dues coses en segons.<\/p> <h2>On funciona la IA (s\u00ed, hi ha llocs)<\/h2> <p>Siguem honestos: per a un av\u00eds intern que ning\u00fa no escoltar\u00e0 dues vegades, per al prototip d'un v\u00eddeo que encara est\u00e0 en esborrany, per provar com sona un gui\u00f3 abans de gravar-lo seriosament... una veu sint\u00e8tica compleix. Jo mateix recomano de vegades fer-les servir com a veu de refer\u00e8ncia en maquetes. Amb un av\u00eds: la IA de refer\u00e8ncia no respira, aix\u00ed que si muntes el teu v\u00eddeo sobre ella, no haur\u00e0s deixat espai perqu\u00e8 la veu definitiva respiri. Despr\u00e9s no diguis que no t'ho vaig advertir.<\/p> <h2>On t'hi jugues la marca<\/h2> <p>Ara b\u00e9: el teu spot, el teu v\u00eddeo corporatiu, el teu curs d'e-Learning de tres hores, el p\u00f2dcast de la teva marca... all\u00e0 cada paraula treballa per construir confian\u00e7a. I la confian\u00e7a \u00e9s un assumpte profundament hum\u00e0. Els estudis del sector ho repeteixen any rere any: la majoria de les empreses continuen triant veus humanes per a tot all\u00f2 que toca l'emoci\u00f3 i la imatge de marca. No per nost\u00e0lgia: per resultats. Un alumne aguanta millor un curs narrat per una persona. Un espectador connecta m\u00e9s amb un anunci que sona a alg\u00fa. \u00c9s aix\u00ed de senzill i aix\u00ed de dif\u00edcil d'imitar.<\/p> <p>Hi ha a m\u00e9s una q\u00fcesti\u00f3 que a les marques serioses els importa cada cop m\u00e9s: l'\u00e8tica. De qui \u00e9s aquella veu sint\u00e8tica? Es va entrenar amb veus robades? Qu\u00e8 dir\u00e0 el teu client quan s\u00e0piga que li parles amb una m\u00e0quina? S\u00f3n preguntes inc\u00f2modes que amb una veu humana ni tan sols existeixen.<\/p>\n<img src=\"https:\/\/locutoronline.net\/catala-locutor\/wp-content\/uploads\/2026\/08\/02-voz-humana-o-voz-de-ia-1.webp\" title=\"02-voz-humana-o-voz-de-ia\" alt=\"Micr\u00f2fon d&#039;estudi professional, l&#039;eina de la veu humana\" srcset=\"https:\/\/locutoronline.net\/catala-locutor\/wp-content\/uploads\/2026\/08\/02-voz-humana-o-voz-de-ia-1.webp 1140w, https:\/\/locutoronline.net\/catala-locutor\/wp-content\/uploads\/2026\/08\/02-voz-humana-o-voz-de-ia-1-300x300.webp 300w, https:\/\/locutoronline.net\/catala-locutor\/wp-content\/uploads\/2026\/08\/02-voz-humana-o-voz-de-ia-1-1024x1024.webp 1024w, https:\/\/locutoronline.net\/catala-locutor\/wp-content\/uploads\/2026\/08\/02-voz-humana-o-voz-de-ia-1-150x150.webp 150w, https:\/\/locutoronline.net\/catala-locutor\/wp-content\/uploads\/2026\/08\/02-voz-humana-o-voz-de-ia-1-768x768.webp 768w\" sizes=\"(max-width: 1140px) 100vw, 1140px\" \/>\n<h2>La meva aposta<\/h2> <p>Jo no competeixo amb les m\u00e0quines en velocitat ni en preu al quilo. Competeixo en l'\u00fanica cosa que importa quan el missatge importa: que a l'altra banda hi hagi alg\u00fa. Alg\u00fa que ent\u00e9n el teu gui\u00f3, que et proposa millorar-lo, que repeteix la frase amb una altra intenci\u00f3 perqu\u00e8 la primera no acabava de volar. Alg\u00fa que respira.<\/p> <p>Si el teu projecte mereix una veu amb alg\u00fa a dins, <a href=\"https:\/\/locutoronline.net\/catala-locutor\/contractar-locutor\/\">ja saps on trobar-me<\/a>. I si decideixes provar amb la IA, sense ranc\u00fania: ens veiem a la tornada.<\/p>\n<h2>David Morales: el teu locutor catal\u00e0<\/h2>\n<a href=\"https:\/\/locutoronline.net\/catala-locutor\/contractar-locutor\/\" > Contacta amb mi <\/a>","_links":{"self":[{"href":"https:\/\/locutoronline.net\/catala-locutor\/wp-json\/wp\/v2\/posts\/910435","targetHints":{"allow":["GET"]}}],"collection":[{"href":"https:\/\/locutoronline.net\/catala-locutor\/wp-json\/wp\/v2\/posts"}],"about":[{"href":"https:\/\/locutoronline.net\/catala-locutor\/wp-json\/wp\/v2\/types\/post"}],"author":[{"embeddable":true,"href":"https:\/\/locutoronline.net\/catala-locutor\/wp-json\/wp\/v2\/users\/1"}],"replies":[{"embeddable":true,"href":"https:\/\/locutoronline.net\/catala-locutor\/wp-json\/wp\/v2\/comments?post=910435"}],"version-history":[{"count":2,"href":"https:\/\/locutoronline.net\/catala-locutor\/wp-json\/wp\/v2\/posts\/910435\/revisions"}],"predecessor-version":[{"id":910442,"href":"https:\/\/locutoronline.net\/catala-locutor\/wp-json\/wp\/v2\/posts\/910435\/revisions\/910442"}],"wp:featuredmedia":[{"embeddable":true,"href":"https:\/\/locutoronline.net\/catala-locutor\/wp-json\/wp\/v2\/media\/910427"}],"wp:attachment":[{"href":"https:\/\/locutoronline.net\/catala-locutor\/wp-json\/wp\/v2\/media?parent=910435"}],"wp:term":[{"taxonomy":"category","embeddable":true,"href":"https:\/\/locutoronline.net\/catala-locutor\/wp-json\/wp\/v2\/categories?post=910435"},{"taxonomy":"post_tag","embeddable":true,"href":"https:\/\/locutoronline.net\/catala-locutor\/wp-json\/wp\/v2\/tags?post=910435"}],"curies":[{"name":"wp","href":"https:\/\/api.w.org\/{rel}","templated":true}]}}